{"id":955,"date":"2023-03-28T23:37:51","date_gmt":"2023-03-28T21:37:51","guid":{"rendered":"https:\/\/www.club-photo-broceliande.com\/?p=955"},"modified":"2023-04-08T10:18:55","modified_gmt":"2023-04-08T08:18:55","slug":"seance-30-mars-2023","status":"publish","type":"post","link":"https:\/\/www.club-photo-broceliande.com\/index.php\/2023\/03\/28\/seance-30-mars-2023\/","title":{"rendered":"S\u00e9ance Jeudi 30 mars 2023 :"},"content":{"rendered":"\n<p>La r\u00e9union du 30 mars se tiendra \u00e0 20 heures dans la salle de la Canop\u00e9e.<br>Au programme: <\/p>\n\n\n\n<ul class=\"wp-block-list\">\n<li>vote pour le d\u00e9fi de mars \u00ab\u00a0Chemin, sentier\u00a0\u00bb.<\/li>\n\n\n\n<li>lecture photos<\/li>\n<\/ul>\n","protected":false},"excerpt":{"rendered":"<p>La r\u00e9union du 30 mars se tiendra \u00e0 20 heures dans la salle de la Canop\u00e9e.Au programme:<\/p>\n","protected":false},"author":2,"featured_media":582,"comment_status":"open","ping_status":"open","sticky":false,"template":"","format":"standard","meta":{"_editorskit_title_hidden":false,"_editorskit_reading_time":1,"_editorskit_is_block_options_detached":false,"_editorskit_block_options_position":"{}","_uag_custom_page_level_css":"","_jetpack_memberships_contains_paid_content":false,"footnotes":""},"categories":[1],"tags":[],"class_list":["post-955","post","type-post","status-publish","format-standard","has-post-thumbnail","hentry","category-non-classe"],"jetpack_featured_media_url":"https:\/\/www.club-photo-broceliande.com\/wp-content\/uploads\/2023\/01\/1-bis-encadre-300x300-2.png","uagb_featured_image_src":{"full":["https:\/\/www.club-photo-broceliande.com\/wp-content\/uploads\/2023\/01\/1-bis-encadre-300x300-2.png",300,300,false],"thumbnail":["https:\/\/www.club-photo-broceliande.com\/wp-content\/uploads\/2023\/01\/1-bis-encadre-300x300-2-150x150.png",150,150,true],"medium":["https:\/\/www.club-photo-broceliande.com\/wp-content\/uploads\/2023\/01\/1-bis-encadre-300x300-2-300x300.png",300,300,true],"medium_large":["https:\/\/www.club-photo-broceliande.com\/wp-content\/uploads\/2023\/01\/1-bis-encadre-300x300-2.png",300,300,false],"large":["https:\/\/www.club-photo-broceliande.com\/wp-content\/uploads\/2023\/01\/1-bis-encadre-300x300-2.png",300,300,false],"1536x1536":["https:\/\/www.club-photo-broceliande.com\/wp-content\/uploads\/2023\/01\/1-bis-encadre-300x300-2.png",300,300,false],"2048x2048":["https:\/\/www.club-photo-broceliande.com\/wp-content\/uploads\/2023\/01\/1-bis-encadre-300x300-2.png",300,300,false]},"uagb_author_info":{"display_name":"RONAN THOMAS","author_link":"https:\/\/www.club-photo-broceliande.com\/index.php\/author\/ronan\/"},"uagb_comment_info":0,"uagb_excerpt":"La r\u00e9union du 30 mars se tiendra \u00e0 20 heures dans la salle de la Canop\u00e9e.Au programme:","jetpack_sharing_enabled":true,"_links":{"self":[{"href":"https:\/\/www.club-photo-broceliande.com\/index.php\/wp-json\/wp\/v2\/posts\/955","targetHints":{"allow":["GET"]}}],"collection":[{"href":"https:\/\/www.club-photo-broceliande.com\/index.php\/wp-json\/wp\/v2\/posts"}],"about":[{"href":"https:\/\/www.club-photo-broceliande.com\/index.php\/wp-json\/wp\/v2\/types\/post"}],"author":[{"embeddable":true,"href":"https:\/\/www.club-photo-broceliande.com\/index.php\/wp-json\/wp\/v2\/users\/2"}],"replies":[{"embeddable":true,"href":"https:\/\/www.club-photo-broceliande.com\/index.php\/wp-json\/wp\/v2\/comments?post=955"}],"version-history":[{"count":3,"href":"https:\/\/www.club-photo-broceliande.com\/index.php\/wp-json\/wp\/v2\/posts\/955\/revisions"}],"predecessor-version":[{"id":958,"href":"https:\/\/www.club-photo-broceliande.com\/index.php\/wp-json\/wp\/v2\/posts\/955\/revisions\/958"}],"wp:featuredmedia":[{"embeddable":true,"href":"https:\/\/www.club-photo-broceliande.com\/index.php\/wp-json\/wp\/v2\/media\/582"}],"wp:attachment":[{"href":"https:\/\/www.club-photo-broceliande.com\/index.php\/wp-json\/wp\/v2\/media?parent=955"}],"wp:term":[{"taxonomy":"category","embeddable":true,"href":"https:\/\/www.club-photo-broceliande.com\/index.php\/wp-json\/wp\/v2\/categories?post=955"},{"taxonomy":"post_tag","embeddable":true,"href":"https:\/\/www.club-photo-broceliande.com\/index.php\/wp-json\/wp\/v2\/tags?post=955"}],"curies":[{"name":"wp","href":"https:\/\/api.w.org\/{rel}","templated":true}]}}