{"id":3599,"date":"2026-09-03T14:54:38","date_gmt":"2026-09-03T12:54:38","guid":{"rendered":"https:\/\/www.club-photo-broceliande.com\/?p=3599"},"modified":"2026-09-03T14:57:27","modified_gmt":"2026-09-03T12:57:27","slug":"forum-des-associations-2","status":"publish","type":"post","link":"https:\/\/www.club-photo-broceliande.com\/index.php\/2026\/09\/03\/forum-des-associations-2\/","title":{"rendered":"Forum des associations"},"content":{"rendered":"\n<p class=\"wp-block-paragraph\">Le Club Photo de Broc\u00e9liande est pr\u00e9sent au Forum des associations de Pl\u00e9lan le grand<\/p>\n\n\n\n<figure class=\"wp-block-image size-full\"><img loading=\"lazy\" decoding=\"async\" width=\"480\" height=\"480\" src=\"https:\/\/www.club-photo-broceliande.com\/wp-content\/uploads\/2026\/09\/Post-Forum-des-associations-pf.png\" alt=\"\" class=\"wp-image-3596\" srcset=\"https:\/\/www.club-photo-broceliande.com\/wp-content\/uploads\/2026\/09\/Post-Forum-des-associations-pf.png 480w, https:\/\/www.club-photo-broceliande.com\/wp-content\/uploads\/2026\/09\/Post-Forum-des-associations-pf-300x300.png 300w, https:\/\/www.club-photo-broceliande.com\/wp-content\/uploads\/2026\/09\/Post-Forum-des-associations-pf-150x150.png 150w\" sizes=\"auto, (max-width: 480px) 100vw, 480px\" \/><\/figure>\n","protected":false},"excerpt":{"rendered":"<p>Le Club Photo de Broc\u00e9liande est pr\u00e9sent au Forum des associations de Pl\u00e9lan le grand<\/p>\n","protected":false},"author":3,"featured_media":3596,"comment_status":"closed","ping_status":"","sticky":false,"template":"","format":"standard","meta":{"_editorskit_title_hidden":false,"_editorskit_reading_time":0,"_editorskit_is_block_options_detached":false,"_editorskit_block_options_position":"{}","_uag_custom_page_level_css":"","_jetpack_newsletter_access":"","_jetpack_dont_email_post_to_subs":false,"_jetpack_newsletter_tier_id":0,"_jetpack_memberships_contains_paywalled_content":false,"_jetpack_feature_clip_id":0,"_jetpack_memberships_contains_paid_content":false,"footnotes":"","jetpack_post_was_ever_published":false},"categories":[5,10],"tags":[],"class_list":["post-3599","post","type-post","status-publish","format-standard","has-post-thumbnail","hentry","category-dernieres_actualites","category-page_actualites"],"uagb_featured_image_src":{"full":["https:\/\/www.club-photo-broceliande.com\/wp-content\/uploads\/2026\/09\/Post-Forum-des-associations-pf.png",480,480,false],"thumbnail":["https:\/\/www.club-photo-broceliande.com\/wp-content\/uploads\/2026\/09\/Post-Forum-des-associations-pf-150x150.png",150,150,true],"medium":["https:\/\/www.club-photo-broceliande.com\/wp-content\/uploads\/2026\/09\/Post-Forum-des-associations-pf-300x300.png",300,300,true],"medium_large":["https:\/\/www.club-photo-broceliande.com\/wp-content\/uploads\/2026\/09\/Post-Forum-des-associations-pf.png",480,480,false],"large":["https:\/\/www.club-photo-broceliande.com\/wp-content\/uploads\/2026\/09\/Post-Forum-des-associations-pf.png",480,480,false],"1536x1536":["https:\/\/www.club-photo-broceliande.com\/wp-content\/uploads\/2026\/09\/Post-Forum-des-associations-pf.png",480,480,false],"2048x2048":["https:\/\/www.club-photo-broceliande.com\/wp-content\/uploads\/2026\/09\/Post-Forum-des-associations-pf.png",480,480,false]},"uagb_author_info":{"display_name":"Dani\u00e8le Magnier","author_link":"https:\/\/www.club-photo-broceliande.com\/index.php\/author\/magda\/"},"uagb_comment_info":0,"uagb_excerpt":"Le Club Photo de Broc\u00e9liande est pr\u00e9sent au Forum des associations de Pl\u00e9lan le grand","jetpack_sharing_enabled":true,"jetpack_featured_media_url":"https:\/\/www.club-photo-broceliande.com\/wp-content\/uploads\/2026\/09\/Post-Forum-des-associations-pf.png","_links":{"self":[{"href":"https:\/\/www.club-photo-broceliande.com\/index.php\/wp-json\/wp\/v2\/posts\/3599","targetHints":{"allow":["GET"]}}],"collection":[{"href":"https:\/\/www.club-photo-broceliande.com\/index.php\/wp-json\/wp\/v2\/posts"}],"about":[{"href":"https:\/\/www.club-photo-broceliande.com\/index.php\/wp-json\/wp\/v2\/types\/post"}],"author":[{"embeddable":true,"href":"https:\/\/www.club-photo-broceliande.com\/index.php\/wp-json\/wp\/v2\/users\/3"}],"replies":[{"embeddable":true,"href":"https:\/\/www.club-photo-broceliande.com\/index.php\/wp-json\/wp\/v2\/comments?post=3599"}],"version-history":[{"count":1,"href":"https:\/\/www.club-photo-broceliande.com\/index.php\/wp-json\/wp\/v2\/posts\/3599\/revisions"}],"predecessor-version":[{"id":3600,"href":"https:\/\/www.club-photo-broceliande.com\/index.php\/wp-json\/wp\/v2\/posts\/3599\/revisions\/3600"}],"wp:featuredmedia":[{"embeddable":true,"href":"https:\/\/www.club-photo-broceliande.com\/index.php\/wp-json\/wp\/v2\/media\/3596"}],"wp:attachment":[{"href":"https:\/\/www.club-photo-broceliande.com\/index.php\/wp-json\/wp\/v2\/media?parent=3599"}],"wp:term":[{"taxonomy":"category","embeddable":true,"href":"https:\/\/www.club-photo-broceliande.com\/index.php\/wp-json\/wp\/v2\/categories?post=3599"},{"taxonomy":"post_tag","embeddable":true,"href":"https:\/\/www.club-photo-broceliande.com\/index.php\/wp-json\/wp\/v2\/tags?post=3599"}],"curies":[{"name":"wp","href":"https:\/\/api.w.org\/{rel}","templated":true}]}}