{"id":1598,"date":"2023-07-17T14:26:34","date_gmt":"2023-07-17T12:26:34","guid":{"rendered":"https:\/\/www.club-photo-broceliande.com\/?p=1598"},"modified":"2024-04-26T11:50:32","modified_gmt":"2024-04-26T09:50:32","slug":"rentree-du-club-photo-de-broceliande","status":"publish","type":"post","link":"https:\/\/www.club-photo-broceliande.com\/index.php\/2023\/07\/17\/rentree-du-club-photo-de-broceliande\/","title":{"rendered":"Rentr\u00e9e du Club Photo de Broc\u00e9liande"},"content":{"rendered":"\n<p>Jeudi 14 septembre \u00e0 20 heures dans la salle de la Canop\u00e9e \u00e0 Pl\u00e9lan le Grand<\/p>\n\n\n\n<figure class=\"wp-block-image aligncenter size-full is-resized\"><img loading=\"lazy\" decoding=\"async\" src=\"https:\/\/www.club-photo-broceliande.com\/wp-content\/uploads\/2023\/07\/Cest-la-rentee.jpg\" alt=\"\" class=\"wp-image-1599\" width=\"312\" height=\"171\" srcset=\"https:\/\/www.club-photo-broceliande.com\/wp-content\/uploads\/2023\/07\/Cest-la-rentee.jpg 318w, https:\/\/www.club-photo-broceliande.com\/wp-content\/uploads\/2023\/07\/Cest-la-rentee-300x164.jpg 300w\" sizes=\"auto, (max-width: 312px) 100vw, 312px\" \/><\/figure>\n\n\n\n<figure class=\"wp-block-image aligncenter size-large\"><img loading=\"lazy\" decoding=\"async\" width=\"725\" height=\"1024\" src=\"https:\/\/www.club-photo-broceliande.com\/wp-content\/uploads\/2023\/07\/img20230717_16285698-1-725x1024.jpg\" alt=\"\" class=\"wp-image-1605\" srcset=\"https:\/\/www.club-photo-broceliande.com\/wp-content\/uploads\/2023\/07\/img20230717_16285698-1-725x1024.jpg 725w, https:\/\/www.club-photo-broceliande.com\/wp-content\/uploads\/2023\/07\/img20230717_16285698-1-212x300.jpg 212w, https:\/\/www.club-photo-broceliande.com\/wp-content\/uploads\/2023\/07\/img20230717_16285698-1-768x1084.jpg 768w, https:\/\/www.club-photo-broceliande.com\/wp-content\/uploads\/2023\/07\/img20230717_16285698-1.jpg 1080w\" sizes=\"auto, (max-width: 725px) 100vw, 725px\" \/><\/figure>\n","protected":false},"excerpt":{"rendered":"<p>Jeudi 14 septembre \u00e0 20 heures dans la salle de la Canop\u00e9e \u00e0 Pl\u00e9lan le Grand<\/p>\n","protected":false},"author":3,"featured_media":1600,"comment_status":"open","ping_status":"open","sticky":false,"template":"","format":"standard","meta":{"_editorskit_title_hidden":false,"_editorskit_reading_time":0,"_editorskit_is_block_options_detached":false,"_editorskit_block_options_position":"{}","_uag_custom_page_level_css":"","_jetpack_memberships_contains_paid_content":false,"footnotes":""},"categories":[1],"tags":[],"class_list":["post-1598","post","type-post","status-publish","format-standard","has-post-thumbnail","hentry","category-non-classe"],"jetpack_featured_media_url":"https:\/\/www.club-photo-broceliande.com\/wp-content\/uploads\/2023\/07\/OIP.jpg","uagb_featured_image_src":{"full":["https:\/\/www.club-photo-broceliande.com\/wp-content\/uploads\/2023\/07\/OIP.jpg",800,533,false],"thumbnail":["https:\/\/www.club-photo-broceliande.com\/wp-content\/uploads\/2023\/07\/OIP-150x150.jpg",150,150,true],"medium":["https:\/\/www.club-photo-broceliande.com\/wp-content\/uploads\/2023\/07\/OIP-300x200.jpg",300,200,true],"medium_large":["https:\/\/www.club-photo-broceliande.com\/wp-content\/uploads\/2023\/07\/OIP-768x512.jpg",768,512,true],"large":["https:\/\/www.club-photo-broceliande.com\/wp-content\/uploads\/2023\/07\/OIP.jpg",800,533,false],"1536x1536":["https:\/\/www.club-photo-broceliande.com\/wp-content\/uploads\/2023\/07\/OIP.jpg",800,533,false],"2048x2048":["https:\/\/www.club-photo-broceliande.com\/wp-content\/uploads\/2023\/07\/OIP.jpg",800,533,false]},"uagb_author_info":{"display_name":"Dani\u00e8le Magnier","author_link":"https:\/\/www.club-photo-broceliande.com\/index.php\/author\/magda\/"},"uagb_comment_info":0,"uagb_excerpt":"Jeudi 14 septembre \u00e0 20 heures dans la salle de la Canop\u00e9e \u00e0 Pl\u00e9lan le Grand","jetpack_sharing_enabled":true,"_links":{"self":[{"href":"https:\/\/www.club-photo-broceliande.com\/index.php\/wp-json\/wp\/v2\/posts\/1598","targetHints":{"allow":["GET"]}}],"collection":[{"href":"https:\/\/www.club-photo-broceliande.com\/index.php\/wp-json\/wp\/v2\/posts"}],"about":[{"href":"https:\/\/www.club-photo-broceliande.com\/index.php\/wp-json\/wp\/v2\/types\/post"}],"author":[{"embeddable":true,"href":"https:\/\/www.club-photo-broceliande.com\/index.php\/wp-json\/wp\/v2\/users\/3"}],"replies":[{"embeddable":true,"href":"https:\/\/www.club-photo-broceliande.com\/index.php\/wp-json\/wp\/v2\/comments?post=1598"}],"version-history":[{"count":3,"href":"https:\/\/www.club-photo-broceliande.com\/index.php\/wp-json\/wp\/v2\/posts\/1598\/revisions"}],"predecessor-version":[{"id":1606,"href":"https:\/\/www.club-photo-broceliande.com\/index.php\/wp-json\/wp\/v2\/posts\/1598\/revisions\/1606"}],"wp:featuredmedia":[{"embeddable":true,"href":"https:\/\/www.club-photo-broceliande.com\/index.php\/wp-json\/wp\/v2\/media\/1600"}],"wp:attachment":[{"href":"https:\/\/www.club-photo-broceliande.com\/index.php\/wp-json\/wp\/v2\/media?parent=1598"}],"wp:term":[{"taxonomy":"category","embeddable":true,"href":"https:\/\/www.club-photo-broceliande.com\/index.php\/wp-json\/wp\/v2\/categories?post=1598"},{"taxonomy":"post_tag","embeddable":true,"href":"https:\/\/www.club-photo-broceliande.com\/index.php\/wp-json\/wp\/v2\/tags?post=1598"}],"curies":[{"name":"wp","href":"https:\/\/api.w.org\/{rel}","templated":true}]}}